{"id":457,"date":"2011-06-25T21:04:29","date_gmt":"2011-06-25T19:04:29","guid":{"rendered":"http:\/\/algarve.heinenberg.eu\/?p=457"},"modified":"2020-06-29T12:40:38","modified_gmt":"2020-06-29T11:40:38","slug":"unterwegs-in-der-serra-do-espinhaco-de-cao-1","status":"publish","type":"post","link":"https:\/\/algarve.heinenberg.eu\/?p=457","title":{"rendered":"Unterwegs in der Serra do Espinha\u00e7o de C\u00e3o &#8211; 1"},"content":{"rendered":"<p><a href=\"https:\/\/algarve.heinenberg.eu\/wp-content\/uploads\/2011\/06\/mata-sao-barao.jpg\" target=\"_blank\" rel=\"noopener noreferrer\" data-rel=\"lightbox-image-0\" data-rl_title=\"Das ist der Haupweg durch den Forst. Hier sind links Schirmkiefern und rechts Eukalyptus zu sehen. Es gibt auch richtig schoene Fusspfade.\" data-rl_caption=\"\"><img loading=\"lazy\" decoding=\"async\" class=\"alignleft size-thumbnail wp-image-458\" title=\"Das ist der Haupweg durch den Forst. Hier sind links Schirmkiefern und rechts Eukalyptus zu sehen. Es gibt auch richtig schoene Fusspfade.\" src=\"https:\/\/algarve.heinenberg.eu\/wp-content\/uploads\/2011\/06\/mata-sao-barao-160x120.jpg\" alt=\"Das ist der Haupweg durch den Forst. Hier sind links Schirmkiefern und rechts Eukalyptus zu sehen. Es gibt auch richtig schoene Fusspfade.\" width=\"160\" height=\"120\" srcset=\"https:\/\/algarve.heinenberg.eu\/wp-content\/uploads\/2011\/06\/mata-sao-barao-160x120.jpg 160w, https:\/\/algarve.heinenberg.eu\/wp-content\/uploads\/2011\/06\/mata-sao-barao-300x225.jpg 300w, https:\/\/algarve.heinenberg.eu\/wp-content\/uploads\/2011\/06\/mata-sao-barao.jpg 798w\" sizes=\"auto, (max-width: 160px) 100vw, 160px\" \/><\/a>Im Algarve zu sein, ohne in den Serras zu wandern, kann ich mir gar nicht vorstellen. Wer zum ersten Mal im Algarve ist, wird das Umherwandern in den Serras als andersartig empfinden, im Vergleich zu dem, was man von zuhause gewohnt ist. Mir geht das bis heute so, wenn ich nach einigen Monaten mal wieder dort bin.<!--more--><\/p>\n<p>Hier soll es erst einmal um ganz allgemeine Eindr&#252;cke in diesem H&#252;gelland gehen. Auf die Unterschiede zwischen den einzelnen algarvischen Serras m&#246;chte ich anderen Artikeln eingehen. Jetzt sei nur so viel erw&#228;hnt, dass es im Wesentlichen vier verschiedene Serras gibt, n&#228;mlich: die Serra do Espinha\u00e7o de C\u00e3o, die Serra de Monchique, die Serra de Caldeir\u00e3o und die Serra Alcaria do Cume.<\/p>\n<p>Ich m&#246;chte gerne mit der Westlichsten anfangen. Einerseits, weil ich dort zuletzt gewesen bin, und zum anderen, weil ich auf diese Art und Weise von West nach Ost eine Serra nach der anderen ein wenig vorstellen kann. Im Westen des Algarve liegt also die Serra Espinha\u00e7o de C\u00e3o, ein H&#246;henzug, der sicher vielen Touristen nicht besonders auff&#228;llt. Es sind eher flache H&#252;gel, die im gr&#246;&#223;ten Teil dieser Serra nicht auf 170 m ansteigen. Erst am &#220;bergang zur Serra de Monchique werden allm&#228;hlich 200 m und mehr erreicht. Dieser \u201cBergr&#252;cken des Hundes\u201d, wie man den portugiesischen Namen in etwa &#252;bersetzen k&#246;nnte, zieht sich in Nord-S&#252;d-Richtung in etwa parallel zur K&#252;ste hin.<\/p>\n<p><a href=\"https:\/\/algarve.heinenberg.eu\/wp-content\/uploads\/2011\/06\/teich-serra-esp.jpg\" target=\"_blank\" rel=\"noopener noreferrer\" data-rel=\"lightbox-image-1\" data-rl_title=\"An diesem Teich lebten etliche Froesche und andere Tiere\" data-rl_caption=\"\"><img loading=\"lazy\" decoding=\"async\" class=\"alignleft size-thumbnail wp-image-459\" title=\"An diesem Teich lebten etliche Froesche und andere Tiere\" src=\"https:\/\/algarve.heinenberg.eu\/wp-content\/uploads\/2011\/06\/teich-serra-esp-160x120.jpg\" alt=\"An diesem Teich lebten etliche Froesche und andere Tiere\" width=\"160\" height=\"120\" srcset=\"https:\/\/algarve.heinenberg.eu\/wp-content\/uploads\/2011\/06\/teich-serra-esp-160x120.jpg 160w, https:\/\/algarve.heinenberg.eu\/wp-content\/uploads\/2011\/06\/teich-serra-esp-300x225.jpg 300w, https:\/\/algarve.heinenberg.eu\/wp-content\/uploads\/2011\/06\/teich-serra-esp.jpg 798w\" sizes=\"auto, (max-width: 160px) 100vw, 160px\" \/><\/a>In der N&#228;he des Ortes Bar\u00e3o de S\u00e3o Jo\u00e3o befindet sich ein Mata Nacional, zu Deutsch: ein Staatsforst. Der Weg dorthin ist im Ort ausgeschildert. Es geht h&#252;gelaufw&#228;rts, nachdem man die asphaltierte Strecke verlassen hat, erreicht man einen Parkplatz.<\/p>\n<p>Hier finden sich haupts&#228;chlich Pinien und Eukalyptusb&#228;ume. Der Anbau von Eukalyptus ist leider immer noch weit verbreitet. Er dient der Erzeugung von Zellstoff, z.B. zur Papierherstellung. <a href=\"https:\/\/algarve.heinenberg.eu\/wp-content\/uploads\/2011\/06\/eukalyptus-stangenausschlag.jpg\" target=\"_blank\" rel=\"noopener noreferrer\" data-rel=\"lightbox-image-2\" data-rl_title=\"Diese Stangen sind aus den Stuken wieder herausgewachsen\" data-rl_caption=\"\"><img loading=\"lazy\" decoding=\"async\" class=\"alignright size-thumbnail wp-image-460\" title=\"Diese Stangen sind aus den Stuken wieder herausgewachsen\" src=\"https:\/\/algarve.heinenberg.eu\/wp-content\/uploads\/2011\/06\/eukalyptus-stangenausschlag-160x120.jpg\" alt=\"Diese Stangen sind aus den Stuken wieder herausgewachsen. Es gibt aber auch noch eine Menge seltener Wildpflanzen hier.\" width=\"160\" height=\"120\" srcset=\"https:\/\/algarve.heinenberg.eu\/wp-content\/uploads\/2011\/06\/eukalyptus-stangenausschlag-160x120.jpg 160w, https:\/\/algarve.heinenberg.eu\/wp-content\/uploads\/2011\/06\/eukalyptus-stangenausschlag-300x225.jpg 300w, https:\/\/algarve.heinenberg.eu\/wp-content\/uploads\/2011\/06\/eukalyptus-stangenausschlag.jpg 798w\" sizes=\"auto, (max-width: 160px) 100vw, 160px\" \/><\/a>Aber dieser Baum, der aus Australien stammt, schadet dem ohnehin trockenen Boden durch seinen starken Wasserverbrauch erheblich. Die meisten Eukalyptusb&#228;ume werden nicht stehen gelassen, bis sie gro&#223;e B&#228;ume geworden sind. Sondern im Abstand von mehreren Jahren werden sie kurz &#252;ber dem Boden abges&#228;gt. Die Stuken bilden dann schnell wachsende neue Austriebe, so dass eine h&#228;ufige Nutzung von erheblichen Massen an Holz erreicht werden kann.<\/p>\n<p>Aber wir sind schlie&#223;lich hier, um Urlaub zu machen. Darum sollten wir uns unterwegs nicht zu viele Gedanken &#252;ber Probleme machen, die wir selbst doch nicht l&#246;sen k&#246;nnen. Auch im S&#252;den Portugals gibt es viele Ans&#228;tze zu umweltvertr&#228;glichen Wirtschaftsweisen.<\/p>\n<p><a href=\"https:\/\/algarve.heinenberg.eu\/wp-content\/uploads\/2011\/06\/Wilde-Gladiole.jpg\" target=\"_blank\" rel=\"noopener noreferrer\" data-rel=\"lightbox-image-3\" data-rl_title=\"Allerlei Wildpflanzen bilden den Kontrast zu den Holzplantagen. Diese Gladilenart ist winzig gegen die Gladiolen aus dem Garten.\" data-rl_caption=\"\"><img loading=\"lazy\" decoding=\"async\" class=\"alignleft size-thumbnail wp-image-461\" title=\"Allerlei Wildpflanzen bilden den Kontrast zu den Holzplantagen. Diese Gladilenart ist winzig gegen die Gladiolen aus dem Garten.\" src=\"https:\/\/algarve.heinenberg.eu\/wp-content\/uploads\/2011\/06\/Wilde-Gladiole-160x120.jpg\" alt=\"Allerlei Wildpflanzen bilden den Kontrast zu den Holzplantagen. Diese Gladilenart ist winzig gegen die Gladiolen aus dem Garten.\" width=\"160\" height=\"120\" srcset=\"https:\/\/algarve.heinenberg.eu\/wp-content\/uploads\/2011\/06\/Wilde-Gladiole-160x120.jpg 160w, https:\/\/algarve.heinenberg.eu\/wp-content\/uploads\/2011\/06\/Wilde-Gladiole-300x225.jpg 300w, https:\/\/algarve.heinenberg.eu\/wp-content\/uploads\/2011\/06\/Wilde-Gladiole.jpg 798w\" sizes=\"auto, (max-width: 160px) 100vw, 160px\" \/><\/a>Unterwegs sollten wir uns lieber &#252;ber die gute Luft freuen und die intensiven Ger&#252;che der Pflanzen des S&#252;dens genie&#223;en. Sie werden &#252;brigens durch den Geruch des Eukalyptus noch angenehm erg&#228;nzt. Diese Serra ist weniger einsam als viele Regionen etwa der Serra de Caldeir\u00e3o. Aber nat&#252;rlich herrscht eine herrliche Ruhe dort. Auch wenn es eben ein Forst aus Pinien und Eukalyptus ist, der hier die Eindr&#252;cke bestimmt. Und nicht ein Mato, der nach der Zerst&#246;rung des Waldes vor Jahrhunderten immerhin auf nat&#252;rlichem Wege entstanden ist.<\/p>\n","protected":false},"excerpt":{"rendered":"<p>Im Algarve zu sein, ohne in den Serras zu wandern, kann ich mir gar nicht vorstellen. Wer zum ersten Mal im Algarve ist, wird das Umherwandern in den Serras als andersartig empfinden, im Vergleich zu dem, was man von zuhause &hellip; <a href=\"https:\/\/algarve.heinenberg.eu\/?p=457\">Weiterlesen <span class=\"meta-nav\">&rarr;<\/span><\/a><\/p>\n","protected":false},"author":1,"featured_media":0,"comment_status":"open","ping_status":"open","sticky":false,"template":"","format":"standard","meta":{"footnotes":""},"categories":[56],"tags":[43,73],"class_list":["post-457","post","type-post","status-publish","format-standard","hentry","category-serra-2","tag-serra","tag-serra-do-espinhaco-de-cao"],"aioseo_notices":[],"_links":{"self":[{"href":"https:\/\/algarve.heinenberg.eu\/index.php?rest_route=\/wp\/v2\/posts\/457","targetHints":{"allow":["GET"]}}],"collection":[{"href":"https:\/\/algarve.heinenberg.eu\/index.php?rest_route=\/wp\/v2\/posts"}],"about":[{"href":"https:\/\/algarve.heinenberg.eu\/index.php?rest_route=\/wp\/v2\/types\/post"}],"author":[{"embeddable":true,"href":"https:\/\/algarve.heinenberg.eu\/index.php?rest_route=\/wp\/v2\/users\/1"}],"replies":[{"embeddable":true,"href":"https:\/\/algarve.heinenberg.eu\/index.php?rest_route=%2Fwp%2Fv2%2Fcomments&post=457"}],"version-history":[{"count":3,"href":"https:\/\/algarve.heinenberg.eu\/index.php?rest_route=\/wp\/v2\/posts\/457\/revisions"}],"predecessor-version":[{"id":839,"href":"https:\/\/algarve.heinenberg.eu\/index.php?rest_route=\/wp\/v2\/posts\/457\/revisions\/839"}],"wp:attachment":[{"href":"https:\/\/algarve.heinenberg.eu\/index.php?rest_route=%2Fwp%2Fv2%2Fmedia&parent=457"}],"wp:term":[{"taxonomy":"category","embeddable":true,"href":"https:\/\/algarve.heinenberg.eu\/index.php?rest_route=%2Fwp%2Fv2%2Fcategories&post=457"},{"taxonomy":"post_tag","embeddable":true,"href":"https:\/\/algarve.heinenberg.eu\/index.php?rest_route=%2Fwp%2Fv2%2Ftags&post=457"}],"curies":[{"name":"wp","href":"https:\/\/api.w.org\/{rel}","templated":true}]}}